{"id":776,"date":"2017-08-01T13:54:17","date_gmt":"2017-08-01T11:54:17","guid":{"rendered":"http:\/\/www.allstarsdesign.de\/?p=776"},"modified":"2020-05-07T23:29:04","modified_gmt":"2020-05-07T21:29:04","slug":"praesentation-des-neuen-audi-a8-vor-ausgewaehlten-kunden-in-der-audi-city-berlin","status":"publish","type":"post","link":"https:\/\/www.allstarsdesign.de\/?p=776","title":{"rendered":"Pr\u00e4sentation des neuen Audi A8"},"content":{"rendered":"\t\t<div data-elementor-type=\"wp-post\" data-elementor-id=\"776\" class=\"elementor elementor-776\" data-elementor-post-type=\"post\">\n\t\t\t\t\t\t<section class=\"elementor-section elementor-top-section elementor-element elementor-element-4f2c28f elementor-section-boxed elementor-section-height-default elementor-section-height-default parallax_section_no qode_elementor_container_no\" data-id=\"4f2c28f\" data-element_type=\"section\">\n\t\t\t\t\t\t<div class=\"elementor-container elementor-column-gap-default\">\n\t\t\t\t\t<div class=\"elementor-column elementor-col-100 elementor-top-column elementor-element elementor-element-d74cf66\" data-id=\"d74cf66\" data-element_type=\"column\">\n\t\t\t<div class=\"elementor-widget-wrap elementor-element-populated\">\n\t\t\t\t\t\t<div class=\"elementor-element elementor-element-bb2670c elementor-widget elementor-widget-text-editor\" data-id=\"bb2670c\" data-element_type=\"widget\" data-widget_type=\"text-editor.default\">\n\t\t\t\t<div class=\"elementor-widget-container\">\n\t\t\t\t\t\t\t\t\t<h5>Art-Direction \/ Produktdesign \/\u00a0Projektleitung Signage + Branding \/ Gestaltung und Druckproduktion f\u00fcr Dreinull<\/h5>\t\t\t\t\t\t\t\t<\/div>\n\t\t\t\t<\/div>\n\t\t\t\t<div class=\"elementor-element elementor-element-e1cf75a elementor-widget elementor-widget-text-editor\" data-id=\"e1cf75a\" data-element_type=\"widget\" data-widget_type=\"text-editor.default\">\n\t\t\t\t<div class=\"elementor-widget-container\">\n\t\t\t\t\t\t\t\t\t<p>\u00a0<\/p><p>Projektbeschreibung\u00a0<\/p><p>Audi beauftrage uns, eine ganz besondere \u00bbAutodecke\u00ab f\u00fcr die Pr\u00e4sentation des neuen Audi A8 zu entwerfen. Ein einfacher Druck w\u00fcrde nicht zur Klasse dieses Autos passen &#8230; ich entwarf ein laminiertes Metallfolien-Polygon-Motiv, und unsere Spezialisten konnten es so herstellen, dass es dem von uns gew\u00fcnschten visuellen Effekt ergab und der bis dahin noch geheime Audi A8 darunter leuchten konnte.<\/p><p>\u2013 Kunde: Dreinull Agentur f\u00fcr Mediatainment f\u00fcr Audi\u00a0<br \/>\u2013 Location: Audi City Berlin\u00a0<br \/>\u2013 Zeit: Juliy 2017<\/p><p>Meine Leistungen: Entwurf von Aufbau, Auto-Decke, Bodengrafik und Bildschirminhalten. Recherche von Produktionstechniken f\u00fcr die spezielle Segmentwirkung der Decke &#8211; Entwicklung einer eigenen, vor der Kombination der Materialien so bisher nicht verwendeten Technik. Aufbauleitung und Gewerkesteuerung.<\/p><p>Fotos \u00a9 Holger St\u00fcting<\/p>\t\t\t\t\t\t\t\t<\/div>\n\t\t\t\t<\/div>\n\t\t\t\t\t<\/div>\n\t\t<\/div>\n\t\t\t\t\t<\/div>\n\t\t<\/section>\n\t\t\t\t<section class=\"elementor-section elementor-top-section elementor-element elementor-element-639ac36 elementor-section-boxed elementor-section-height-default elementor-section-height-default parallax_section_no qode_elementor_container_no\" data-id=\"639ac36\" data-element_type=\"section\">\n\t\t\t\t\t\t<div class=\"elementor-container elementor-column-gap-default\">\n\t\t\t\t\t<div class=\"elementor-column elementor-col-100 elementor-top-column elementor-element elementor-element-12f85ec\" data-id=\"12f85ec\" data-element_type=\"column\">\n\t\t\t<div class=\"elementor-widget-wrap elementor-element-populated\">\n\t\t\t\t\t\t<div class=\"elementor-element elementor-element-d8d0aad elementor-widget elementor-widget-gallery\" data-id=\"d8d0aad\" data-element_type=\"widget\" data-settings=\"{&quot;lazyload&quot;:&quot;yes&quot;,&quot;gallery_layout&quot;:&quot;grid&quot;,&quot;columns&quot;:4,&quot;columns_tablet&quot;:2,&quot;columns_mobile&quot;:1,&quot;gap&quot;:{&quot;unit&quot;:&quot;px&quot;,&quot;size&quot;:10,&quot;sizes&quot;:[]},&quot;gap_tablet&quot;:{&quot;unit&quot;:&quot;px&quot;,&quot;size&quot;:10,&quot;sizes&quot;:[]},&quot;gap_mobile&quot;:{&quot;unit&quot;:&quot;px&quot;,&quot;size&quot;:10,&quot;sizes&quot;:[]},&quot;link_to&quot;:&quot;file&quot;,&quot;aspect_ratio&quot;:&quot;3:2&quot;,&quot;overlay_background&quot;:&quot;yes&quot;,&quot;content_hover_animation&quot;:&quot;fade-in&quot;}\" data-widget_type=\"gallery.default\">\n\t\t\t\t<div class=\"elementor-widget-container\">\n\t\t\t\t\t\t\t<div class=\"elementor-gallery__container\">\n\t\t\t\t\t\t\t<a class=\"e-gallery-item elementor-gallery-item elementor-animated-content\" href=\"https:\/\/www.allstarsdesign.de\/wp-content\/uploads\/2020\/05\/Beitragsbilder-Audi-A8-Audi-City-Berlin-15-10-040520--scaled.jpg\" data-elementor-open-lightbox=\"yes\" data-elementor-lightbox-slideshow=\"d8d0aad\" data-elementor-lightbox-title=\"Beitragsbilder Audi A8 Audi City Berlin 15-10 040520-\" data-e-action-hash=\"#elementor-action%3Aaction%3Dlightbox%26settings%3DeyJpZCI6NzgyLCJ1cmwiOiJodHRwczpcL1wvd3d3LmFsbHN0YXJzZGVzaWduLmRlXC93cC1jb250ZW50XC91cGxvYWRzXC8yMDIwXC8wNVwvQmVpdHJhZ3NiaWxkZXItQXVkaS1BOC1BdWRpLUNpdHktQmVybGluLTE1LTEwLTA0MDUyMC0tc2NhbGVkLmpwZyIsInNsaWRlc2hvdyI6ImQ4ZDBhYWQifQ%3D%3D\">\n\t\t\t\t\t<div class=\"e-gallery-image elementor-gallery-item__image\" data-thumbnail=\"https:\/\/www.allstarsdesign.de\/wp-content\/uploads\/2020\/05\/Beitragsbilder-Audi-A8-Audi-City-Berlin-15-10-040520--300x200.jpg\" data-width=\"300\" data-height=\"200\" aria-label=\"\" role=\"img\" ><\/div>\n\t\t\t\t\t\t\t\t\t\t\t<div class=\"elementor-gallery-item__overlay\"><\/div>\n\t\t\t\t\t\t\t\t\t\t\t\t\t\t<\/a>\n\t\t\t\t\t\t\t<a class=\"e-gallery-item elementor-gallery-item elementor-animated-content\" href=\"https:\/\/www.allstarsdesign.de\/wp-content\/uploads\/2020\/05\/Beitragsbilder-Audi-A8-Audi-City-Berlin-15-10-040520-2-scaled.jpg\" data-elementor-open-lightbox=\"yes\" data-elementor-lightbox-slideshow=\"d8d0aad\" data-elementor-lightbox-title=\"Beitragsbilder Audi A8 Audi City Berlin 15-10 040520-2\" data-e-action-hash=\"#elementor-action%3Aaction%3Dlightbox%26settings%3DeyJpZCI6NzgzLCJ1cmwiOiJodHRwczpcL1wvd3d3LmFsbHN0YXJzZGVzaWduLmRlXC93cC1jb250ZW50XC91cGxvYWRzXC8yMDIwXC8wNVwvQmVpdHJhZ3NiaWxkZXItQXVkaS1BOC1BdWRpLUNpdHktQmVybGluLTE1LTEwLTA0MDUyMC0yLXNjYWxlZC5qcGciLCJzbGlkZXNob3ciOiJkOGQwYWFkIn0%3D\">\n\t\t\t\t\t<div class=\"e-gallery-image elementor-gallery-item__image\" data-thumbnail=\"https:\/\/www.allstarsdesign.de\/wp-content\/uploads\/2020\/05\/Beitragsbilder-Audi-A8-Audi-City-Berlin-15-10-040520-2-300x200.jpg\" data-width=\"300\" data-height=\"200\" aria-label=\"\" role=\"img\" ><\/div>\n\t\t\t\t\t\t\t\t\t\t\t<div class=\"elementor-gallery-item__overlay\"><\/div>\n\t\t\t\t\t\t\t\t\t\t\t\t\t\t<\/a>\n\t\t\t\t\t\t\t<a class=\"e-gallery-item elementor-gallery-item elementor-animated-content\" href=\"https:\/\/www.allstarsdesign.de\/wp-content\/uploads\/2020\/05\/Beitragsbilder-Audi-A8-Audi-City-Berlin-15-10-040520-3-scaled.jpg\" data-elementor-open-lightbox=\"yes\" data-elementor-lightbox-slideshow=\"d8d0aad\" data-elementor-lightbox-title=\"Beitragsbilder Audi A8 Audi City Berlin 15-10 040520-3\" data-e-action-hash=\"#elementor-action%3Aaction%3Dlightbox%26settings%3DeyJpZCI6Nzg0LCJ1cmwiOiJodHRwczpcL1wvd3d3LmFsbHN0YXJzZGVzaWduLmRlXC93cC1jb250ZW50XC91cGxvYWRzXC8yMDIwXC8wNVwvQmVpdHJhZ3NiaWxkZXItQXVkaS1BOC1BdWRpLUNpdHktQmVybGluLTE1LTEwLTA0MDUyMC0zLXNjYWxlZC5qcGciLCJzbGlkZXNob3ciOiJkOGQwYWFkIn0%3D\">\n\t\t\t\t\t<div class=\"e-gallery-image elementor-gallery-item__image\" data-thumbnail=\"https:\/\/www.allstarsdesign.de\/wp-content\/uploads\/2020\/05\/Beitragsbilder-Audi-A8-Audi-City-Berlin-15-10-040520-3-300x200.jpg\" data-width=\"300\" data-height=\"200\" aria-label=\"\" role=\"img\" ><\/div>\n\t\t\t\t\t\t\t\t\t\t\t<div class=\"elementor-gallery-item__overlay\"><\/div>\n\t\t\t\t\t\t\t\t\t\t\t\t\t\t<\/a>\n\t\t\t\t\t\t\t<a class=\"e-gallery-item elementor-gallery-item elementor-animated-content\" href=\"https:\/\/www.allstarsdesign.de\/wp-content\/uploads\/2020\/05\/Beitragsbilder-Audi-A8-Audi-City-Berlin-15-10-040520-4-scaled.jpg\" data-elementor-open-lightbox=\"yes\" data-elementor-lightbox-slideshow=\"d8d0aad\" data-elementor-lightbox-title=\"Beitragsbilder Audi A8 Audi City Berlin 15-10 040520-4\" data-e-action-hash=\"#elementor-action%3Aaction%3Dlightbox%26settings%3DeyJpZCI6Nzg1LCJ1cmwiOiJodHRwczpcL1wvd3d3LmFsbHN0YXJzZGVzaWduLmRlXC93cC1jb250ZW50XC91cGxvYWRzXC8yMDIwXC8wNVwvQmVpdHJhZ3NiaWxkZXItQXVkaS1BOC1BdWRpLUNpdHktQmVybGluLTE1LTEwLTA0MDUyMC00LXNjYWxlZC5qcGciLCJzbGlkZXNob3ciOiJkOGQwYWFkIn0%3D\">\n\t\t\t\t\t<div class=\"e-gallery-image elementor-gallery-item__image\" data-thumbnail=\"https:\/\/www.allstarsdesign.de\/wp-content\/uploads\/2020\/05\/Beitragsbilder-Audi-A8-Audi-City-Berlin-15-10-040520-4-300x200.jpg\" data-width=\"300\" data-height=\"200\" aria-label=\"\" role=\"img\" ><\/div>\n\t\t\t\t\t\t\t\t\t\t\t<div class=\"elementor-gallery-item__overlay\"><\/div>\n\t\t\t\t\t\t\t\t\t\t\t\t\t\t<\/a>\n\t\t\t\t\t\t\t<a class=\"e-gallery-item elementor-gallery-item elementor-animated-content\" href=\"https:\/\/www.allstarsdesign.de\/wp-content\/uploads\/2020\/05\/Beitragsbilder-Audi-A8-Audi-City-Berlin-15-10-040520-5-scaled.jpg\" data-elementor-open-lightbox=\"yes\" data-elementor-lightbox-slideshow=\"d8d0aad\" data-elementor-lightbox-title=\"Beitragsbilder Audi A8 Audi City Berlin 15-10 040520-5\" data-e-action-hash=\"#elementor-action%3Aaction%3Dlightbox%26settings%3DeyJpZCI6Nzg2LCJ1cmwiOiJodHRwczpcL1wvd3d3LmFsbHN0YXJzZGVzaWduLmRlXC93cC1jb250ZW50XC91cGxvYWRzXC8yMDIwXC8wNVwvQmVpdHJhZ3NiaWxkZXItQXVkaS1BOC1BdWRpLUNpdHktQmVybGluLTE1LTEwLTA0MDUyMC01LXNjYWxlZC5qcGciLCJzbGlkZXNob3ciOiJkOGQwYWFkIn0%3D\">\n\t\t\t\t\t<div class=\"e-gallery-image elementor-gallery-item__image\" data-thumbnail=\"https:\/\/www.allstarsdesign.de\/wp-content\/uploads\/2020\/05\/Beitragsbilder-Audi-A8-Audi-City-Berlin-15-10-040520-5-300x200.jpg\" data-width=\"300\" data-height=\"200\" aria-label=\"\" role=\"img\" ><\/div>\n\t\t\t\t\t\t\t\t\t\t\t<div class=\"elementor-gallery-item__overlay\"><\/div>\n\t\t\t\t\t\t\t\t\t\t\t\t\t\t<\/a>\n\t\t\t\t\t\t\t<a class=\"e-gallery-item elementor-gallery-item elementor-animated-content\" href=\"https:\/\/www.allstarsdesign.de\/wp-content\/uploads\/2020\/05\/Beitragsbilder-Audi-A8-Audi-City-Berlin-15-10-040520-6-1-scaled.jpg\" data-elementor-open-lightbox=\"yes\" data-elementor-lightbox-slideshow=\"d8d0aad\" data-elementor-lightbox-title=\"Beitragsbilder Audi A8 Audi City Berlin 15-10 040520-6\" data-e-action-hash=\"#elementor-action%3Aaction%3Dlightbox%26settings%3DeyJpZCI6Nzg3LCJ1cmwiOiJodHRwczpcL1wvd3d3LmFsbHN0YXJzZGVzaWduLmRlXC93cC1jb250ZW50XC91cGxvYWRzXC8yMDIwXC8wNVwvQmVpdHJhZ3NiaWxkZXItQXVkaS1BOC1BdWRpLUNpdHktQmVybGluLTE1LTEwLTA0MDUyMC02LTEtc2NhbGVkLmpwZyIsInNsaWRlc2hvdyI6ImQ4ZDBhYWQifQ%3D%3D\">\n\t\t\t\t\t<div class=\"e-gallery-image elementor-gallery-item__image\" data-thumbnail=\"https:\/\/www.allstarsdesign.de\/wp-content\/uploads\/2020\/05\/Beitragsbilder-Audi-A8-Audi-City-Berlin-15-10-040520-6-1-300x200.jpg\" data-width=\"300\" data-height=\"200\" aria-label=\"\" role=\"img\" ><\/div>\n\t\t\t\t\t\t\t\t\t\t\t<div class=\"elementor-gallery-item__overlay\"><\/div>\n\t\t\t\t\t\t\t\t\t\t\t\t\t\t<\/a>\n\t\t\t\t\t\t\t<a class=\"e-gallery-item elementor-gallery-item elementor-animated-content\" href=\"https:\/\/www.allstarsdesign.de\/wp-content\/uploads\/2020\/05\/Beitragsbilder-Audi-A8-Audi-City-Berlin-15-10-040520-7-scaled.jpg\" data-elementor-open-lightbox=\"yes\" data-elementor-lightbox-slideshow=\"d8d0aad\" data-elementor-lightbox-title=\"Beitragsbilder Audi A8 Audi City Berlin 15-10 040520-7\" data-e-action-hash=\"#elementor-action%3Aaction%3Dlightbox%26settings%3DeyJpZCI6Nzg4LCJ1cmwiOiJodHRwczpcL1wvd3d3LmFsbHN0YXJzZGVzaWduLmRlXC93cC1jb250ZW50XC91cGxvYWRzXC8yMDIwXC8wNVwvQmVpdHJhZ3NiaWxkZXItQXVkaS1BOC1BdWRpLUNpdHktQmVybGluLTE1LTEwLTA0MDUyMC03LXNjYWxlZC5qcGciLCJzbGlkZXNob3ciOiJkOGQwYWFkIn0%3D\">\n\t\t\t\t\t<div class=\"e-gallery-image elementor-gallery-item__image\" data-thumbnail=\"https:\/\/www.allstarsdesign.de\/wp-content\/uploads\/2020\/05\/Beitragsbilder-Audi-A8-Audi-City-Berlin-15-10-040520-7-300x200.jpg\" data-width=\"300\" data-height=\"200\" aria-label=\"\" role=\"img\" ><\/div>\n\t\t\t\t\t\t\t\t\t\t\t<div class=\"elementor-gallery-item__overlay\"><\/div>\n\t\t\t\t\t\t\t\t\t\t\t\t\t\t<\/a>\n\t\t\t\t\t<\/div>\n\t\t\t\t\t<\/div>\n\t\t\t\t<\/div>\n\t\t\t\t\t<\/div>\n\t\t<\/div>\n\t\t\t\t\t<\/div>\n\t\t<\/section>\n\t\t\t\t<\/div>\n\t\t","protected":false},"excerpt":{"rendered":"<p>Art-Direction \/ Produktdesign \/\u00a0Projektleitung Signage + Branding \/ Gestaltung und Druckproduktion f\u00fcr Dreinull \u00a0 Projektbeschreibung\u00a0 Audi beauftrage uns, eine ganz besondere \u00bbAutodecke\u00ab f\u00fcr die Pr\u00e4sentation des neuen Audi A8 zu entwerfen. Ein einfacher Druck w\u00fcrde nicht zur Klasse dieses Autos passen &#8230; ich entwarf ein&#8230;<\/p>\n","protected":false},"author":1,"featured_media":778,"comment_status":"closed","ping_status":"closed","sticky":true,"template":"","format":"standard","meta":{"footnotes":""},"categories":[18,11,16,15,17,20],"tags":[],"_links":{"self":[{"href":"https:\/\/www.allstarsdesign.de\/index.php?rest_route=\/wp\/v2\/posts\/776"}],"collection":[{"href":"https:\/\/www.allstarsdesign.de\/index.php?rest_route=\/wp\/v2\/posts"}],"about":[{"href":"https:\/\/www.allstarsdesign.de\/index.php?rest_route=\/wp\/v2\/types\/post"}],"author":[{"embeddable":true,"href":"https:\/\/www.allstarsdesign.de\/index.php?rest_route=\/wp\/v2\/users\/1"}],"replies":[{"embeddable":true,"href":"https:\/\/www.allstarsdesign.de\/index.php?rest_route=%2Fwp%2Fv2%2Fcomments&post=776"}],"version-history":[{"count":8,"href":"https:\/\/www.allstarsdesign.de\/index.php?rest_route=\/wp\/v2\/posts\/776\/revisions"}],"predecessor-version":[{"id":1156,"href":"https:\/\/www.allstarsdesign.de\/index.php?rest_route=\/wp\/v2\/posts\/776\/revisions\/1156"}],"wp:featuredmedia":[{"embeddable":true,"href":"https:\/\/www.allstarsdesign.de\/index.php?rest_route=\/wp\/v2\/media\/778"}],"wp:attachment":[{"href":"https:\/\/www.allstarsdesign.de\/index.php?rest_route=%2Fwp%2Fv2%2Fmedia&parent=776"}],"wp:term":[{"taxonomy":"category","embeddable":true,"href":"https:\/\/www.allstarsdesign.de\/index.php?rest_route=%2Fwp%2Fv2%2Fcategories&post=776"},{"taxonomy":"post_tag","embeddable":true,"href":"https:\/\/www.allstarsdesign.de\/index.php?rest_route=%2Fwp%2Fv2%2Ftags&post=776"}],"curies":[{"name":"wp","href":"https:\/\/api.w.org\/{rel}","templated":true}]}}